{"id":33377,"date":"2023-06-14T15:45:49","date_gmt":"2023-06-14T13:45:49","guid":{"rendered":"https:\/\/www.wyssenavalanche.com\/?p=33377"},"modified":"2025-09-25T14:16:07","modified_gmt":"2025-09-25T12:16:07","slug":"retrospective-de-lhiver-2022-23","status":"publish","type":"post","link":"https:\/\/www.wyssenavalanche.com\/fr\/retrospective-de-lhiver-2022-23\/","title":{"rendered":"R\u00e9trospective de l&rsquo;hiver 2022\/23"},"content":{"rendered":"\t\t<div data-elementor-type=\"wp-post\" data-elementor-id=\"33377\" class=\"elementor elementor-33377 elementor-33375\" data-elementor-post-type=\"post\">\n\t\t\t\t\t\t<section class=\"elementor-section elementor-top-section elementor-element elementor-element-553b16ce elementor-section-stretched elementor-section-boxed elementor-section-height-default elementor-section-height-default\" data-id=\"553b16ce\" data-element_type=\"section\" data-e-type=\"section\" data-settings=\"{&quot;stretch_section&quot;:&quot;section-stretched&quot;,&quot;background_background&quot;:&quot;classic&quot;}\">\n\t\t\t\t\t\t<div class=\"elementor-container elementor-column-gap-default\">\n\t\t\t\t\t<div class=\"elementor-column elementor-col-100 elementor-top-column elementor-element elementor-element-16576012\" data-id=\"16576012\" data-element_type=\"column\" data-e-type=\"column\" data-settings=\"{&quot;background_background&quot;:&quot;classic&quot;}\">\n\t\t\t<div class=\"elementor-widget-wrap elementor-element-populated\">\n\t\t\t\t\t\t\t<\/div>\n\t\t<\/div>\n\t\t\t\t\t<\/div>\n\t\t<\/section>\n\t\t\t\t<section class=\"elementor-section elementor-top-section elementor-element elementor-element-bdd3197 elementor-section-stretched elementor-section-boxed elementor-section-height-default elementor-section-height-default\" data-id=\"bdd3197\" data-element_type=\"section\" data-e-type=\"section\" data-settings=\"{&quot;stretch_section&quot;:&quot;section-stretched&quot;,&quot;background_background&quot;:&quot;classic&quot;}\">\n\t\t\t\t\t\t<div class=\"elementor-container elementor-column-gap-default\">\n\t\t\t\t\t<div class=\"elementor-column elementor-col-100 elementor-top-column elementor-element elementor-element-b5ba6f3\" data-id=\"b5ba6f3\" data-element_type=\"column\" data-e-type=\"column\">\n\t\t\t<div class=\"elementor-widget-wrap elementor-element-populated\">\n\t\t\t\t\t\t<div class=\"elementor-element elementor-element-eca3fc0 elementor-widget elementor-widget-spacer\" data-id=\"eca3fc0\" data-element_type=\"widget\" data-e-type=\"widget\" data-widget_type=\"spacer.default\">\n\t\t\t\t<div class=\"elementor-widget-container\">\n\t\t\t\t\t\t\t<div class=\"elementor-spacer\">\n\t\t\t<div class=\"elementor-spacer-inner\"><\/div>\n\t\t<\/div>\n\t\t\t\t\t\t<\/div>\n\t\t\t\t<\/div>\n\t\t\t\t<div class=\"elementor-element elementor-element-7587f66 elementor-widget elementor-widget-text-editor\" data-id=\"7587f66\" data-element_type=\"widget\" data-e-type=\"widget\" data-widget_type=\"text-editor.default\">\n\t\t\t\t<div class=\"elementor-widget-container\">\n\t\t\t\t\t\t\t\t\t<h2 class=\"null\">5488 explosions contr\u00f4l\u00e9es d&rsquo;avalanches, plus de 1800 d\u00e9tections d&rsquo;avalanches et un service 24h\/24 et 7j\/7 pour la meilleure s\u00e9curit\u00e9 possible.<\/h2>\t\t\t\t\t\t\t\t<\/div>\n\t\t\t\t<\/div>\n\t\t\t\t<div class=\"elementor-element elementor-element-b8bfc82 elementor-widget elementor-widget-spacer\" data-id=\"b8bfc82\" data-element_type=\"widget\" data-e-type=\"widget\" data-widget_type=\"spacer.default\">\n\t\t\t\t<div class=\"elementor-widget-container\">\n\t\t\t\t\t\t\t<div class=\"elementor-spacer\">\n\t\t\t<div class=\"elementor-spacer-inner\"><\/div>\n\t\t<\/div>\n\t\t\t\t\t\t<\/div>\n\t\t\t\t<\/div>\n\t\t\t\t<div class=\"elementor-element elementor-element-9b3c8c1 elementor-widget elementor-widget-text-editor\" data-id=\"9b3c8c1\" data-element_type=\"widget\" data-e-type=\"widget\" data-widget_type=\"text-editor.default\">\n\t\t\t\t<div class=\"elementor-widget-container\">\n\t\t\t\t\t\t\t\t\t<p>Nous jetons un regard r\u00e9trospectif sur une saison d&rsquo;hiver tr\u00e8s riche en \u00e9v\u00e9nements et en m\u00eame temps couronn\u00e9e de succ\u00e8s. Pour cela, nous laissons parler les chiffres:<\/p>\t\t\t\t\t\t\t\t<\/div>\n\t\t\t\t<\/div>\n\t\t\t\t<div class=\"elementor-element elementor-element-d226cd9 elementor-skin-coverflow elementor-arrows-yes elementor-pagination-type-bullets elementor-pagination-position-outside elementor-widget elementor-widget-media-carousel\" data-id=\"d226cd9\" data-element_type=\"widget\" data-e-type=\"widget\" data-settings=\"{&quot;skin&quot;:&quot;coverflow&quot;,&quot;slides_per_view&quot;:&quot;3&quot;,&quot;show_arrows&quot;:&quot;yes&quot;,&quot;pagination&quot;:&quot;bullets&quot;,&quot;speed&quot;:500,&quot;autoplay&quot;:&quot;yes&quot;,&quot;autoplay_speed&quot;:5000,&quot;loop&quot;:&quot;yes&quot;,&quot;pause_on_hover&quot;:&quot;yes&quot;,&quot;pause_on_interaction&quot;:&quot;yes&quot;,&quot;space_between&quot;:{&quot;unit&quot;:&quot;px&quot;,&quot;size&quot;:10,&quot;sizes&quot;:[]},&quot;space_between_tablet&quot;:{&quot;unit&quot;:&quot;px&quot;,&quot;size&quot;:10,&quot;sizes&quot;:[]},&quot;space_between_mobile&quot;:{&quot;unit&quot;:&quot;px&quot;,&quot;size&quot;:10,&quot;sizes&quot;:[]}}\" data-widget_type=\"media-carousel.default\">\n\t\t\t\t<div class=\"elementor-widget-container\">\n\t\t\t\t\t\t\t\t\t<div class=\"elementor-swiper\">\n\t\t\t\t\t<div class=\"elementor-main-swiper swiper\" role=\"region\" aria-roledescription=\"carousel\" aria-label=\"Diapositives\">\n\t\t\t\t<div class=\"swiper-wrapper\">\n\t\t\t\t\t\t\t\t\t\t\t<div class=\"swiper-slide\" role=\"group\" aria-roledescription=\"slide\">\n\t\t\t\t\t\t\t<a href=\"https:\/\/www.wyssenavalanche.com\/fr\/logiciels-services\/wac-3-cockpit-et-modules-supplementaires\/\">\t\t<div class=\"elementor-carousel-image\" role=\"img\" aria-label=\"50 Cockpits op\u00e9rationnels\" style=\"background-image: url(&#039;https:\/\/www.wyssenavalanche.com\/wp-content\/uploads\/2023\/06\/operationelle_cockpits.jpg&#039;)\">\n\n\t\t\t\n\t\t\t\t\t<\/div>\n\t\t\t\t\t<div class=\"elementor-carousel-image-overlay e-overlay-animation-fade\">\n\t\t\t\t50 Cockpits op\u00e9rationnels\t\t\t<\/div>\n\t\t\t<\/a>\t\t\t\t\t\t<\/div>\n\t\t\t\t\t\t\t\t\t\t\t<div class=\"swiper-slide\" role=\"group\" aria-roledescription=\"slide\">\n\t\t\t\t\t\t\t<a href=\"https:\/\/www.wyssenavalanche.com\/fr\/detection-davalanches\/geophones-pour-avalanches-gina\/\">\t\t<div class=\"elementor-carousel-image\" role=\"img\" aria-label=\"109 D\u00e9tections par GINA\u00ae\" style=\"background-image: url(&#039;https:\/\/www.wyssenavalanche.com\/wp-content\/uploads\/2023\/06\/gina_detektion.png&#039;)\">\n\n\t\t\t\n\t\t\t\t\t<\/div>\n\t\t\t\t\t<div class=\"elementor-carousel-image-overlay e-overlay-animation-fade\">\n\t\t\t\t109 D\u00e9tections par GINA\u00ae\t\t\t<\/div>\n\t\t\t<\/a>\t\t\t\t\t\t<\/div>\n\t\t\t\t\t\t\t\t\t\t\t<div class=\"swiper-slide\" role=\"group\" aria-roledescription=\"slide\">\n\t\t\t\t\t\t\t<a href=\"https:\/\/www.wyssenavalanche.com\/fr\/declenchement-davalanches\/wyssen-mat-de-declenchement-davalanches-ls12-5-et-ls24-5\/\">\t\t<div class=\"elementor-carousel-image\" role=\"img\" aria-label=\"5488 explosions contr\u00f4l\u00e9es d&#039;avalanches\" style=\"background-image: url(&#039;https:\/\/www.wyssenavalanche.com\/wp-content\/uploads\/2023\/06\/lawinensprengungen.jpg&#039;)\">\n\n\t\t\t\n\t\t\t\t\t<\/div>\n\t\t\t\t\t<div class=\"elementor-carousel-image-overlay e-overlay-animation-fade\">\n\t\t\t\t5488 explosions contr\u00f4l\u00e9es d'avalanches\t\t\t<\/div>\n\t\t\t<\/a>\t\t\t\t\t\t<\/div>\n\t\t\t\t\t\t\t\t\t\t\t<div class=\"swiper-slide\" role=\"group\" aria-roledescription=\"slide\">\n\t\t\t\t\t\t\t<a href=\"https:\/\/www.wyssenavalanche.com\/fr\/declenchement-davalanches\/charge-wyssen-2k\/\">\t\t<div class=\"elementor-carousel-image\" role=\"img\" aria-label=\"613 de toutes les explosions ont \u00e9t\u00e9 d\u00e9clench\u00e9es avec la charge 2K\u00ae\" style=\"background-image: url(&#039;https:\/\/www.wyssenavalanche.com\/wp-content\/uploads\/2023\/06\/2k_sprengungen.jpg&#039;)\">\n\n\t\t\t\n\t\t\t\t\t<\/div>\n\t\t\t\t\t<div class=\"elementor-carousel-image-overlay e-overlay-animation-fade\">\n\t\t\t\t613 de toutes les explosions ont \u00e9t\u00e9 d\u00e9clench\u00e9es avec la charge 2K\u00ae\t\t\t<\/div>\n\t\t\t<\/a>\t\t\t\t\t\t<\/div>\n\t\t\t\t\t\t\t\t\t\t\t<div class=\"swiper-slide\" role=\"group\" aria-roledescription=\"slide\">\n\t\t\t\t\t\t\t\t\t<div class=\"elementor-carousel-image\" role=\"img\" aria-label=\"Service 24h\/24 et 7j\/7\" style=\"background-image: url(&#039;https:\/\/www.wyssenavalanche.com\/wp-content\/uploads\/2023\/06\/24_7_service.jpg&#039;)\">\n\n\t\t\t\n\t\t\t\t\t<\/div>\n\t\t\t\t\t<div class=\"elementor-carousel-image-overlay e-overlay-animation-fade\">\n\t\t\t\tService 24h\/24 et 7j\/7\t\t\t<\/div>\n\t\t\t\t\t\t\t\t\t<\/div>\n\t\t\t\t\t\t\t\t\t\t\t<div class=\"swiper-slide\" role=\"group\" aria-roledescription=\"slide\">\n\t\t\t\t\t\t\t<a href=\"https:\/\/www.wyssenavalanche.com\/fr\/detection-davalanches\/\">\t\t<div class=\"elementor-carousel-image\" role=\"img\" aria-label=\"...plus de 1800 avalanches ont \u00e9t\u00e9 d\u00e9tect\u00e9es\" style=\"background-image: url(&#039;https:\/\/www.wyssenavalanche.com\/wp-content\/uploads\/2023\/06\/lawinendetektion.jpg&#039;)\">\n\n\t\t\t\n\t\t\t\t\t<\/div>\n\t\t\t\t\t<div class=\"elementor-carousel-image-overlay e-overlay-animation-fade\">\n\t\t\t\t...plus de 1800 avalanches ont \u00e9t\u00e9 d\u00e9tect\u00e9es\t\t\t<\/div>\n\t\t\t<\/a>\t\t\t\t\t\t<\/div>\n\t\t\t\t\t\t\t\t\t\t\t<div class=\"swiper-slide\" role=\"group\" aria-roledescription=\"slide\">\n\t\t\t\t\t\t\t<a href=\"https:\/\/www.wyssenavalanche.com\/fr\/detection-davalanches\/systeme-de-detection-par-infrasons-ida\/\">\t\t<div class=\"elementor-carousel-image\" role=\"img\" aria-label=\"1739 D\u00e9tections par IDA\u00ae\" style=\"background-image: url(&#039;https:\/\/www.wyssenavalanche.com\/wp-content\/uploads\/2023\/06\/ida_detektion.png&#039;)\">\n\n\t\t\t\n\t\t\t\t\t<\/div>\n\t\t\t\t\t<div class=\"elementor-carousel-image-overlay e-overlay-animation-fade\">\n\t\t\t\t1739 D\u00e9tections par IDA\u00ae\t\t\t<\/div>\n\t\t\t<\/a>\t\t\t\t\t\t<\/div>\n\t\t\t\t\t\t\t\t\t\t\t<div class=\"swiper-slide\" role=\"group\" aria-roledescription=\"slide\">\n\t\t\t\t\t\t\t\t\t<div class=\"elementor-carousel-image\" role=\"img\" aria-label=\"100% de services de d\u00e9pannage r\u00e9ussis\" style=\"background-image: url(&#039;https:\/\/www.wyssenavalanche.com\/wp-content\/uploads\/2023\/06\/stoerungsdienst.jpg&#039;)\">\n\n\t\t\t\n\t\t\t\t\t<\/div>\n\t\t\t\t\t<div class=\"elementor-carousel-image-overlay e-overlay-animation-fade\">\n\t\t\t\t100% de services de d\u00e9pannage r\u00e9ussis\t\t\t<\/div>\n\t\t\t\t\t\t\t\t\t<\/div>\n\t\t\t\t\t\t\t\t\t\t\t<div class=\"swiper-slide\" role=\"group\" aria-roledescription=\"slide\">\n\t\t\t\t\t\t\t<a href=\"https:\/\/www.wyssenavalanche.com\/fr\/stations-meteorologiques-accessoires\/stations-meteorologiques\/\">\t\t<div class=\"elementor-carousel-image\" role=\"img\" aria-label=\"31 stations m\u00e9t\u00e9o \u00e9taient en service...\" style=\"background-image: url(&#039;https:\/\/www.wyssenavalanche.com\/wp-content\/uploads\/2023\/06\/wetterstationen.jpg&#039;)\">\n\n\t\t\t\n\t\t\t\t\t<\/div>\n\t\t\t\t\t<div class=\"elementor-carousel-image-overlay e-overlay-animation-fade\">\n\t\t\t\t31 stations m\u00e9t\u00e9o \u00e9taient en service...\t\t\t<\/div>\n\t\t\t<\/a>\t\t\t\t\t\t<\/div>\n\t\t\t\t\t\t\t\t\t\t\t<div class=\"swiper-slide\" role=\"group\" aria-roledescription=\"slide\">\n\t\t\t\t\t\t\t<a href=\"https:\/\/www.wyssenavalanche.com\/fr\/detection-davalanches\/mesure-de-lepaisseur-du-manteau-neigeux-par-impulsion-laser-lia\/\">\t\t<div class=\"elementor-carousel-image\" role=\"img\" aria-label=\"39 scanners actifs\" style=\"background-image: url(&#039;https:\/\/www.wyssenavalanche.com\/wp-content\/uploads\/2023\/06\/lia_laser.jpg&#039;)\">\n\n\t\t\t\n\t\t\t\t\t<\/div>\n\t\t\t\t\t<div class=\"elementor-carousel-image-overlay e-overlay-animation-fade\">\n\t\t\t\t39 scanners actifs\t\t\t<\/div>\n\t\t\t<\/a>\t\t\t\t\t\t<\/div>\n\t\t\t\t\t\t\t\t\t\t\t<div class=\"swiper-slide\" role=\"group\" aria-roledescription=\"slide\">\n\t\t\t\t\t\t\t<a href=\"https:\/\/www.wyssenavalanche.com\/fr\/logiciels-services\/wac-3-cockpit-et-modules-supplementaires\/#riskeval\">\t\t<div class=\"elementor-carousel-image\" role=\"img\" aria-label=\"3799 \u00e9valuations de situation ont \u00e9t\u00e9 effectu\u00e9es\" style=\"background-image: url(&#039;https:\/\/www.wyssenavalanche.com\/wp-content\/uploads\/2023\/06\/lagebeurteilung.jpg&#039;)\">\n\n\t\t\t\n\t\t\t\t\t<\/div>\n\t\t\t\t\t<div class=\"elementor-carousel-image-overlay e-overlay-animation-fade\">\n\t\t\t\t3799 \u00e9valuations de situation ont \u00e9t\u00e9 effectu\u00e9es\t\t\t<\/div>\n\t\t\t<\/a>\t\t\t\t\t\t<\/div>\n\t\t\t\t\t\t\t\t\t\t\t<div class=\"swiper-slide\" role=\"group\" aria-roledescription=\"slide\">\n\t\t\t\t\t\t\t<a href=\"https:\/\/www.wyssenavalanche.com\/fr\/logiciels-services\/wac-3-cockpit-et-modules-supplementaires\/#cockpit\">\t\t<div class=\"elementor-carousel-image\" role=\"img\" aria-label=\"17368 observations ont \u00e9t\u00e9 enregistr\u00e9es\" style=\"background-image: url(&#039;https:\/\/www.wyssenavalanche.com\/wp-content\/uploads\/2023\/06\/notizen_de-scaled.jpg&#039;)\">\n\n\t\t\t\n\t\t\t\t\t<\/div>\n\t\t\t\t\t<div class=\"elementor-carousel-image-overlay e-overlay-animation-fade\">\n\t\t\t\t17368 observations ont \u00e9t\u00e9 enregistr\u00e9es\t\t\t<\/div>\n\t\t\t<\/a>\t\t\t\t\t\t<\/div>\n\t\t\t\t\t\t\t\t\t<\/div>\n\t\t\t\t\t\t\t\t\t\t\t\t\t\t\t<div class=\"elementor-swiper-button elementor-swiper-button-prev\" role=\"button\" tabindex=\"0\" aria-label=\"Pr\u00e9c\u00e9dent\">\n\t\t\t\t\t\t\t<i aria-hidden=\"true\" class=\"eicon-chevron-left\"><\/i>\t\t\t\t\t\t<\/div>\n\t\t\t\t\t\t<div class=\"elementor-swiper-button elementor-swiper-button-next\" role=\"button\" tabindex=\"0\" aria-label=\"Suivant\">\n\t\t\t\t\t\t\t<i aria-hidden=\"true\" class=\"eicon-chevron-right\"><\/i>\t\t\t\t\t\t<\/div>\n\t\t\t\t\t\t\t\t\t\t\t\t\t\t\t\t<div class=\"swiper-pagination\"><\/div>\n\t\t\t\t\t\t\t\t\t\t\t\t<\/div>\n\t\t\t\t<\/div>\n\t\t\t\t\t\t\t\t<\/div>\n\t\t\t\t<\/div>\n\t\t\t\t<div class=\"elementor-element elementor-element-c6d33f2 elementor-widget elementor-widget-spacer\" data-id=\"c6d33f2\" data-element_type=\"widget\" data-e-type=\"widget\" data-widget_type=\"spacer.default\">\n\t\t\t\t<div class=\"elementor-widget-container\">\n\t\t\t\t\t\t\t<div class=\"elementor-spacer\">\n\t\t\t<div class=\"elementor-spacer-inner\"><\/div>\n\t\t<\/div>\n\t\t\t\t\t\t<\/div>\n\t\t\t\t<\/div>\n\t\t\t\t<div class=\"elementor-element elementor-element-e63212f elementor-widget elementor-widget-text-editor\" data-id=\"e63212f\" data-element_type=\"widget\" data-e-type=\"widget\" data-widget_type=\"text-editor.default\">\n\t\t\t\t<div class=\"elementor-widget-container\">\n\t\t\t\t\t\t\t\t\t<p><strong>Voici un aper\u00e7u des chiffres globaux :<\/strong><\/p>\t\t\t\t\t\t\t\t<\/div>\n\t\t\t\t<\/div>\n\t\t\t\t<div class=\"elementor-element elementor-element-82a1d06 elementor-widget elementor-widget-image\" data-id=\"82a1d06\" data-element_type=\"widget\" data-e-type=\"widget\" data-widget_type=\"image.default\">\n\t\t\t\t<div class=\"elementor-widget-container\">\n\t\t\t\t\t\t\t\t\t\t\t\t\t\t\t<img fetchpriority=\"high\" decoding=\"async\" width=\"683\" height=\"1024\" src=\"https:\/\/www.wyssenavalanche.com\/wp-content\/uploads\/2023\/06\/Zahlen_22_23_FR-683x1024.jpg\" class=\"attachment-large size-large wp-image-33572\" alt=\"\" srcset=\"https:\/\/www.wyssenavalanche.com\/wp-content\/uploads\/2023\/06\/Zahlen_22_23_FR-683x1024.jpg 683w, https:\/\/www.wyssenavalanche.com\/wp-content\/uploads\/2023\/06\/Zahlen_22_23_FR-200x300.jpg 200w, https:\/\/www.wyssenavalanche.com\/wp-content\/uploads\/2023\/06\/Zahlen_22_23_FR-768x1152.jpg 768w, https:\/\/www.wyssenavalanche.com\/wp-content\/uploads\/2023\/06\/Zahlen_22_23_FR.jpg 800w\" sizes=\"(max-width: 683px) 100vw, 683px\" \/>\t\t\t\t\t\t\t\t\t\t\t\t\t\t\t<\/div>\n\t\t\t\t<\/div>\n\t\t\t\t<div class=\"elementor-element elementor-element-8d6398f elementor-widget elementor-widget-spacer\" data-id=\"8d6398f\" data-element_type=\"widget\" data-e-type=\"widget\" data-widget_type=\"spacer.default\">\n\t\t\t\t<div class=\"elementor-widget-container\">\n\t\t\t\t\t\t\t<div class=\"elementor-spacer\">\n\t\t\t<div class=\"elementor-spacer-inner\"><\/div>\n\t\t<\/div>\n\t\t\t\t\t\t<\/div>\n\t\t\t\t<\/div>\n\t\t\t\t<div class=\"elementor-element elementor-element-e568992 elementor-widget elementor-widget-text-editor\" data-id=\"e568992\" data-element_type=\"widget\" data-e-type=\"widget\" data-widget_type=\"text-editor.default\">\n\t\t\t\t<div class=\"elementor-widget-container\">\n\t\t\t\t\t\t\t\t\t<p><em>*Les chiffres indiqu\u00e9s ont \u00e9t\u00e9 collect\u00e9s dans le monde entier.<\/em><\/p>\t\t\t\t\t\t\t\t<\/div>\n\t\t\t\t<\/div>\n\t\t\t\t<div class=\"elementor-element elementor-element-3bca3f7 elementor-widget-divider--view-line elementor-widget elementor-widget-divider\" data-id=\"3bca3f7\" data-element_type=\"widget\" data-e-type=\"widget\" data-widget_type=\"divider.default\">\n\t\t\t\t<div class=\"elementor-widget-container\">\n\t\t\t\t\t\t\t<div class=\"elementor-divider\">\n\t\t\t<span class=\"elementor-divider-separator\">\n\t\t\t\t\t\t<\/span>\n\t\t<\/div>\n\t\t\t\t\t\t<\/div>\n\t\t\t\t<\/div>\n\t\t\t\t<div class=\"elementor-element elementor-element-1237b0e elementor-widget elementor-widget-heading\" data-id=\"1237b0e\" data-element_type=\"widget\" data-e-type=\"widget\" data-widget_type=\"heading.default\">\n\t\t\t\t<div class=\"elementor-widget-container\">\n\t\t\t\t\t<h3 class=\"elementor-heading-title elementor-size-default\">Un grand merci \u00e0 tous!<\/h3>\t\t\t\t<\/div>\n\t\t\t\t<\/div>\n\t\t\t\t<div class=\"elementor-element elementor-element-32a4ca8 elementor-widget elementor-widget-text-editor\" data-id=\"32a4ca8\" data-element_type=\"widget\" data-e-type=\"widget\" data-widget_type=\"text-editor.default\">\n\t\t\t\t<div class=\"elementor-widget-container\">\n\t\t\t\t\t\t\t\t\tNous profitons de l&rsquo;occasion pour remercier tous nos clients et partenaires de leur confiance et de leur fid\u00e9lit\u00e9. Gr\u00e2ce \u00e0 vos suggestions et \u00e0 vos souhaits, nos syst\u00e8mes et nos services sont constamment optimis\u00e9s. <\/br>Nous nous r\u00e9jouissons de poursuivre notre bonne collaboration et de mener \u00e0 bien des projets passionnants. Nous vous souhaitons \u00e0 tous un \u00e9t\u00e9 agr\u00e9able et reposant. <\/br><\/br><strong>Votre \u00e9quipe Wyssen<\/strong>\t\t\t\t\t\t\t\t<\/div>\n\t\t\t\t<\/div>\n\t\t\t\t<div class=\"elementor-element elementor-element-5f70240 elementor-widget elementor-widget-image\" data-id=\"5f70240\" data-element_type=\"widget\" data-e-type=\"widget\" data-widget_type=\"image.default\">\n\t\t\t\t<div class=\"elementor-widget-container\">\n\t\t\t\t\t\t\t\t\t\t\t\t\t\t\t<img decoding=\"async\" width=\"1920\" height=\"600\" src=\"https:\/\/www.wyssenavalanche.com\/wp-content\/uploads\/2022\/08\/team_wac.jpg\" class=\"attachment-full size-full wp-image-24189\" alt=\"\" srcset=\"https:\/\/www.wyssenavalanche.com\/wp-content\/uploads\/2022\/08\/team_wac.jpg 1920w, https:\/\/www.wyssenavalanche.com\/wp-content\/uploads\/2022\/08\/team_wac-300x94.jpg 300w, https:\/\/www.wyssenavalanche.com\/wp-content\/uploads\/2022\/08\/team_wac-1024x320.jpg 1024w, https:\/\/www.wyssenavalanche.com\/wp-content\/uploads\/2022\/08\/team_wac-768x240.jpg 768w, https:\/\/www.wyssenavalanche.com\/wp-content\/uploads\/2022\/08\/team_wac-1536x480.jpg 1536w\" sizes=\"(max-width: 1920px) 100vw, 1920px\" \/>\t\t\t\t\t\t\t\t\t\t\t\t\t\t\t<\/div>\n\t\t\t\t<\/div>\n\t\t\t\t<div class=\"elementor-element elementor-element-73cb5c6 elementor-widget elementor-widget-spacer\" data-id=\"73cb5c6\" data-element_type=\"widget\" data-e-type=\"widget\" data-widget_type=\"spacer.default\">\n\t\t\t\t<div class=\"elementor-widget-container\">\n\t\t\t\t\t\t\t<div class=\"elementor-spacer\">\n\t\t\t<div class=\"elementor-spacer-inner\"><\/div>\n\t\t<\/div>\n\t\t\t\t\t\t<\/div>\n\t\t\t\t<\/div>\n\t\t\t\t\t<\/div>\n\t\t<\/div>\n\t\t\t\t\t<\/div>\n\t\t<\/section>\n\t\t\t\t<\/div>\n\t\t","protected":false},"excerpt":{"rendered":"<p>5488 explosions contr\u00f4l\u00e9es d&rsquo;avalanches, plus de 1800 d\u00e9tections d&rsquo;avalanches et un service 24h\/24 et 7j\/7 pour la meilleure s\u00e9curit\u00e9 possible! Nous jetons un regard r\u00e9trospectif sur une saison d&rsquo;hiver tr\u00e8s riche en \u00e9v\u00e9nements et en m\u00eame temps couronn\u00e9e de succ\u00e8s. Pour cela, laissons parler les chiffres [&#8230;].<\/p>\n","protected":false},"author":10,"featured_media":33427,"comment_status":"closed","ping_status":"open","sticky":false,"template":"","format":"standard","meta":{"site-sidebar-layout":"default","site-content-layout":"","ast-site-content-layout":"default","site-content-style":"default","site-sidebar-style":"default","ast-global-header-display":"","ast-banner-title-visibility":"","ast-main-header-display":"","ast-hfb-above-header-display":"","ast-hfb-below-header-display":"","ast-hfb-mobile-header-display":"","site-post-title":"","ast-breadcrumbs-content":"","ast-featured-img":"","footer-sml-layout":"","ast-disable-related-posts":"","theme-transparent-header-meta":"","adv-header-id-meta":"","stick-header-meta":"","header-above-stick-meta":null,"header-main-stick-meta":"","header-below-stick-meta":null,"astra-migrate-meta-layouts":"default","ast-page-background-enabled":"default","ast-page-background-meta":{"desktop":{"background-color":"var(--ast-global-color-4)","background-image":"","background-repeat":"repeat","background-position":"center center","background-size":"auto","background-attachment":"scroll","background-type":"","background-media":"","overlay-type":"","overlay-color":"","overlay-opacity":"","overlay-gradient":""},"tablet":{"background-color":"","background-image":"","background-repeat":"repeat","background-position":"center center","background-size":"auto","background-attachment":"scroll","background-type":"","background-media":"","overlay-type":"","overlay-color":"","overlay-opacity":"","overlay-gradient":""},"mobile":{"background-color":"","background-image":"","background-repeat":"repeat","background-position":"center center","background-size":"auto","background-attachment":"scroll","background-type":"","background-media":"","overlay-type":"","overlay-color":"","overlay-opacity":"","overlay-gradient":""}},"ast-content-background-meta":{"desktop":{"background-color":"var(--ast-global-color-5)","background-image":"","background-repeat":"repeat","background-position":"center center","background-size":"auto","background-attachment":"scroll","background-type":"","background-media":"","overlay-type":"","overlay-color":"","overlay-opacity":"","overlay-gradient":""},"tablet":{"background-color":"var(--ast-global-color-5)","background-image":"","background-repeat":"repeat","background-position":"center center","background-size":"auto","background-attachment":"scroll","background-type":"","background-media":"","overlay-type":"","overlay-color":"","overlay-opacity":"","overlay-gradient":""},"mobile":{"background-color":"var(--ast-global-color-5)","background-image":"","background-repeat":"repeat","background-position":"center center","background-size":"auto","background-attachment":"scroll","background-type":"","background-media":"","overlay-type":"","overlay-color":"","overlay-opacity":"","overlay-gradient":""}},"footnotes":""},"categories":[2509],"tags":[],"class_list":["post-33377","post","type-post","status-publish","format-standard","has-post-thumbnail","hentry","category-nouveautes"],"yoast_head":"<!-- This site is optimized with the Yoast SEO plugin v27.5 - https:\/\/yoast.com\/product\/yoast-seo-wordpress\/ -->\n<title>R\u00e9trospective de l&#039;hiver 2022\/23 &#8226; Wyssen Avalanche<\/title>\n<meta name=\"robots\" content=\"index, follow, max-snippet:-1, max-image-preview:large, max-video-preview:-1\" \/>\n<link rel=\"canonical\" href=\"https:\/\/www.wyssenavalanche.com\/winterrueckblick-2022-23\/\" \/>\n<meta property=\"og:locale\" content=\"fr_FR\" \/>\n<meta property=\"og:type\" content=\"article\" \/>\n<meta property=\"og:title\" content=\"R\u00e9trospective de l&#039;hiver 2022\/23 &#8226; Wyssen Avalanche\" \/>\n<meta property=\"og:description\" content=\"5488 explosions contr\u00f4l\u00e9es d&#039;avalanches, plus de 1800 d\u00e9tections d&#039;avalanches et un service 24h\/24 et 7j\/7 pour la meilleure s\u00e9curit\u00e9 possible! Nous jetons un regard r\u00e9trospectif sur une saison d&#039;hiver tr\u00e8s riche en \u00e9v\u00e9nements et en m\u00eame temps couronn\u00e9e de succ\u00e8s. Pour cela, laissons parler les chiffres [...].\" \/>\n<meta property=\"og:url\" content=\"https:\/\/www.wyssenavalanche.com\/winterrueckblick-2022-23\/\" \/>\n<meta property=\"og:site_name\" content=\"Wyssen Avalanche\" \/>\n<meta property=\"article:publisher\" content=\"https:\/\/www.facebook.com\/wyssenavalanche\/\" \/>\n<meta property=\"article:published_time\" content=\"2023-06-14T13:45:49+00:00\" \/>\n<meta property=\"article:modified_time\" content=\"2025-09-25T12:16:07+00:00\" \/>\n<meta property=\"og:image\" content=\"https:\/\/www.wyssenavalanche.com\/wp-content\/uploads\/2023\/06\/winterrueckblick.jpg\" \/>\n\t<meta property=\"og:image:width\" content=\"1920\" \/>\n\t<meta property=\"og:image:height\" content=\"1275\" \/>\n\t<meta property=\"og:image:type\" content=\"image\/jpeg\" \/>\n<meta name=\"author\" content=\"Nicole Schmid\" \/>\n<meta name=\"twitter:label1\" content=\"\u00c9crit par\" \/>\n\t<meta name=\"twitter:data1\" content=\"Nicole Schmid\" \/>\n\t<meta name=\"twitter:label2\" content=\"Dur\u00e9e de lecture estim\u00e9e\" \/>\n\t<meta name=\"twitter:data2\" content=\"1 minute\" \/>\n<script type=\"application\/ld+json\" class=\"yoast-schema-graph\">{\"@context\":\"https:\\\/\\\/schema.org\",\"@graph\":[{\"@type\":\"Article\",\"@id\":\"https:\\\/\\\/www.wyssenavalanche.com\\\/winterrueckblick-2022-23\\\/#article\",\"isPartOf\":{\"@id\":\"https:\\\/\\\/www.wyssenavalanche.com\\\/winterrueckblick-2022-23\\\/\"},\"author\":{\"name\":\"Nicole Schmid\",\"@id\":\"https:\\\/\\\/www.wyssenavalanche.com\\\/#\\\/schema\\\/person\\\/39d5e3c3bb8a18d46b035afc2de6886e\"},\"headline\":\"R\u00e9trospective de l&rsquo;hiver 2022\\\/23\",\"datePublished\":\"2023-06-14T13:45:49+00:00\",\"dateModified\":\"2025-09-25T12:16:07+00:00\",\"mainEntityOfPage\":{\"@id\":\"https:\\\/\\\/www.wyssenavalanche.com\\\/winterrueckblick-2022-23\\\/\"},\"wordCount\":183,\"publisher\":{\"@id\":\"https:\\\/\\\/www.wyssenavalanche.com\\\/#organization\"},\"image\":{\"@id\":\"https:\\\/\\\/www.wyssenavalanche.com\\\/winterrueckblick-2022-23\\\/#primaryimage\"},\"thumbnailUrl\":\"https:\\\/\\\/www.wyssenavalanche.com\\\/wp-content\\\/uploads\\\/2023\\\/06\\\/winterrueckblick.jpg\",\"articleSection\":[\"Nouveaut\u00e9s\"],\"inLanguage\":\"fr-FR\"},{\"@type\":\"WebPage\",\"@id\":\"https:\\\/\\\/www.wyssenavalanche.com\\\/winterrueckblick-2022-23\\\/\",\"url\":\"https:\\\/\\\/www.wyssenavalanche.com\\\/winterrueckblick-2022-23\\\/\",\"name\":\"R\u00e9trospective de l'hiver 2022\\\/23 &#8226; Wyssen Avalanche\",\"isPartOf\":{\"@id\":\"https:\\\/\\\/www.wyssenavalanche.com\\\/#website\"},\"primaryImageOfPage\":{\"@id\":\"https:\\\/\\\/www.wyssenavalanche.com\\\/winterrueckblick-2022-23\\\/#primaryimage\"},\"image\":{\"@id\":\"https:\\\/\\\/www.wyssenavalanche.com\\\/winterrueckblick-2022-23\\\/#primaryimage\"},\"thumbnailUrl\":\"https:\\\/\\\/www.wyssenavalanche.com\\\/wp-content\\\/uploads\\\/2023\\\/06\\\/winterrueckblick.jpg\",\"datePublished\":\"2023-06-14T13:45:49+00:00\",\"dateModified\":\"2025-09-25T12:16:07+00:00\",\"breadcrumb\":{\"@id\":\"https:\\\/\\\/www.wyssenavalanche.com\\\/winterrueckblick-2022-23\\\/#breadcrumb\"},\"inLanguage\":\"fr-FR\",\"potentialAction\":[{\"@type\":\"ReadAction\",\"target\":[\"https:\\\/\\\/www.wyssenavalanche.com\\\/winterrueckblick-2022-23\\\/\"]}]},{\"@type\":\"ImageObject\",\"inLanguage\":\"fr-FR\",\"@id\":\"https:\\\/\\\/www.wyssenavalanche.com\\\/winterrueckblick-2022-23\\\/#primaryimage\",\"url\":\"https:\\\/\\\/www.wyssenavalanche.com\\\/wp-content\\\/uploads\\\/2023\\\/06\\\/winterrueckblick.jpg\",\"contentUrl\":\"https:\\\/\\\/www.wyssenavalanche.com\\\/wp-content\\\/uploads\\\/2023\\\/06\\\/winterrueckblick.jpg\",\"width\":1920,\"height\":1275},{\"@type\":\"BreadcrumbList\",\"@id\":\"https:\\\/\\\/www.wyssenavalanche.com\\\/winterrueckblick-2022-23\\\/#breadcrumb\",\"itemListElement\":[{\"@type\":\"ListItem\",\"position\":1,\"name\":\"Home\",\"item\":\"https:\\\/\\\/www.wyssenavalanche.com\\\/fr\\\/wyssen-avalanche-control-ag\\\/\"},{\"@type\":\"ListItem\",\"position\":2,\"name\":\"R\u00e9trospective de l&#8217;hiver 2022\\\/23\"}]},{\"@type\":\"WebSite\",\"@id\":\"https:\\\/\\\/www.wyssenavalanche.com\\\/#website\",\"url\":\"https:\\\/\\\/www.wyssenavalanche.com\\\/\",\"name\":\"Wyssen Avalanche Control AG\",\"description\":\"\",\"publisher\":{\"@id\":\"https:\\\/\\\/www.wyssenavalanche.com\\\/#organization\"},\"potentialAction\":[{\"@type\":\"SearchAction\",\"target\":{\"@type\":\"EntryPoint\",\"urlTemplate\":\"https:\\\/\\\/www.wyssenavalanche.com\\\/?s={search_term_string}\"},\"query-input\":{\"@type\":\"PropertyValueSpecification\",\"valueRequired\":true,\"valueName\":\"search_term_string\"}}],\"inLanguage\":\"fr-FR\"},{\"@type\":\"Organization\",\"@id\":\"https:\\\/\\\/www.wyssenavalanche.com\\\/#organization\",\"name\":\"Wyssen Avalanche Control AG\",\"url\":\"https:\\\/\\\/www.wyssenavalanche.com\\\/\",\"logo\":{\"@type\":\"ImageObject\",\"inLanguage\":\"fr-FR\",\"@id\":\"https:\\\/\\\/www.wyssenavalanche.com\\\/#\\\/schema\\\/logo\\\/image\\\/\",\"url\":\"https:\\\/\\\/www.wyssenavalanche.com\\\/wp-content\\\/uploads\\\/2021\\\/09\\\/cropped-wyssen_logo_header-1.png\",\"contentUrl\":\"https:\\\/\\\/www.wyssenavalanche.com\\\/wp-content\\\/uploads\\\/2021\\\/09\\\/cropped-wyssen_logo_header-1.png\",\"width\":200,\"height\":31,\"caption\":\"Wyssen Avalanche Control AG\"},\"image\":{\"@id\":\"https:\\\/\\\/www.wyssenavalanche.com\\\/#\\\/schema\\\/logo\\\/image\\\/\"},\"sameAs\":[\"https:\\\/\\\/www.facebook.com\\\/wyssenavalanche\\\/\"]},{\"@type\":\"Person\",\"@id\":\"https:\\\/\\\/www.wyssenavalanche.com\\\/#\\\/schema\\\/person\\\/39d5e3c3bb8a18d46b035afc2de6886e\",\"name\":\"Nicole Schmid\",\"image\":{\"@type\":\"ImageObject\",\"inLanguage\":\"fr-FR\",\"@id\":\"https:\\\/\\\/secure.gravatar.com\\\/avatar\\\/18b0862fd949ab4e8c6bdd1447bc885b83696a8e9f22e8f0e00018ca7cec2302?s=96&d=mm&r=g\",\"url\":\"https:\\\/\\\/secure.gravatar.com\\\/avatar\\\/18b0862fd949ab4e8c6bdd1447bc885b83696a8e9f22e8f0e00018ca7cec2302?s=96&d=mm&r=g\",\"contentUrl\":\"https:\\\/\\\/secure.gravatar.com\\\/avatar\\\/18b0862fd949ab4e8c6bdd1447bc885b83696a8e9f22e8f0e00018ca7cec2302?s=96&d=mm&r=g\",\"caption\":\"Nicole Schmid\"},\"url\":\"https:\\\/\\\/www.wyssenavalanche.com\\\/fr\\\/author\\\/nicole-schmid\\\/\"}]}<\/script>\n<!-- \/ Yoast SEO plugin. -->","yoast_head_json":{"title":"R\u00e9trospective de l'hiver 2022\/23 &#8226; Wyssen Avalanche","robots":{"index":"index","follow":"follow","max-snippet":"max-snippet:-1","max-image-preview":"max-image-preview:large","max-video-preview":"max-video-preview:-1"},"canonical":"https:\/\/www.wyssenavalanche.com\/winterrueckblick-2022-23\/","og_locale":"fr_FR","og_type":"article","og_title":"R\u00e9trospective de l'hiver 2022\/23 &#8226; Wyssen Avalanche","og_description":"5488 explosions contr\u00f4l\u00e9es d'avalanches, plus de 1800 d\u00e9tections d'avalanches et un service 24h\/24 et 7j\/7 pour la meilleure s\u00e9curit\u00e9 possible! Nous jetons un regard r\u00e9trospectif sur une saison d'hiver tr\u00e8s riche en \u00e9v\u00e9nements et en m\u00eame temps couronn\u00e9e de succ\u00e8s. Pour cela, laissons parler les chiffres [...].","og_url":"https:\/\/www.wyssenavalanche.com\/winterrueckblick-2022-23\/","og_site_name":"Wyssen Avalanche","article_publisher":"https:\/\/www.facebook.com\/wyssenavalanche\/","article_published_time":"2023-06-14T13:45:49+00:00","article_modified_time":"2025-09-25T12:16:07+00:00","og_image":[{"width":1920,"height":1275,"url":"https:\/\/www.wyssenavalanche.com\/wp-content\/uploads\/2023\/06\/winterrueckblick.jpg","type":"image\/jpeg"}],"author":"Nicole Schmid","twitter_misc":{"\u00c9crit par":"Nicole Schmid","Dur\u00e9e de lecture estim\u00e9e":"1 minute"},"schema":{"@context":"https:\/\/schema.org","@graph":[{"@type":"Article","@id":"https:\/\/www.wyssenavalanche.com\/winterrueckblick-2022-23\/#article","isPartOf":{"@id":"https:\/\/www.wyssenavalanche.com\/winterrueckblick-2022-23\/"},"author":{"name":"Nicole Schmid","@id":"https:\/\/www.wyssenavalanche.com\/#\/schema\/person\/39d5e3c3bb8a18d46b035afc2de6886e"},"headline":"R\u00e9trospective de l&rsquo;hiver 2022\/23","datePublished":"2023-06-14T13:45:49+00:00","dateModified":"2025-09-25T12:16:07+00:00","mainEntityOfPage":{"@id":"https:\/\/www.wyssenavalanche.com\/winterrueckblick-2022-23\/"},"wordCount":183,"publisher":{"@id":"https:\/\/www.wyssenavalanche.com\/#organization"},"image":{"@id":"https:\/\/www.wyssenavalanche.com\/winterrueckblick-2022-23\/#primaryimage"},"thumbnailUrl":"https:\/\/www.wyssenavalanche.com\/wp-content\/uploads\/2023\/06\/winterrueckblick.jpg","articleSection":["Nouveaut\u00e9s"],"inLanguage":"fr-FR"},{"@type":"WebPage","@id":"https:\/\/www.wyssenavalanche.com\/winterrueckblick-2022-23\/","url":"https:\/\/www.wyssenavalanche.com\/winterrueckblick-2022-23\/","name":"R\u00e9trospective de l'hiver 2022\/23 &#8226; Wyssen Avalanche","isPartOf":{"@id":"https:\/\/www.wyssenavalanche.com\/#website"},"primaryImageOfPage":{"@id":"https:\/\/www.wyssenavalanche.com\/winterrueckblick-2022-23\/#primaryimage"},"image":{"@id":"https:\/\/www.wyssenavalanche.com\/winterrueckblick-2022-23\/#primaryimage"},"thumbnailUrl":"https:\/\/www.wyssenavalanche.com\/wp-content\/uploads\/2023\/06\/winterrueckblick.jpg","datePublished":"2023-06-14T13:45:49+00:00","dateModified":"2025-09-25T12:16:07+00:00","breadcrumb":{"@id":"https:\/\/www.wyssenavalanche.com\/winterrueckblick-2022-23\/#breadcrumb"},"inLanguage":"fr-FR","potentialAction":[{"@type":"ReadAction","target":["https:\/\/www.wyssenavalanche.com\/winterrueckblick-2022-23\/"]}]},{"@type":"ImageObject","inLanguage":"fr-FR","@id":"https:\/\/www.wyssenavalanche.com\/winterrueckblick-2022-23\/#primaryimage","url":"https:\/\/www.wyssenavalanche.com\/wp-content\/uploads\/2023\/06\/winterrueckblick.jpg","contentUrl":"https:\/\/www.wyssenavalanche.com\/wp-content\/uploads\/2023\/06\/winterrueckblick.jpg","width":1920,"height":1275},{"@type":"BreadcrumbList","@id":"https:\/\/www.wyssenavalanche.com\/winterrueckblick-2022-23\/#breadcrumb","itemListElement":[{"@type":"ListItem","position":1,"name":"Home","item":"https:\/\/www.wyssenavalanche.com\/fr\/wyssen-avalanche-control-ag\/"},{"@type":"ListItem","position":2,"name":"R\u00e9trospective de l&#8217;hiver 2022\/23"}]},{"@type":"WebSite","@id":"https:\/\/www.wyssenavalanche.com\/#website","url":"https:\/\/www.wyssenavalanche.com\/","name":"Wyssen Avalanche Control AG","description":"","publisher":{"@id":"https:\/\/www.wyssenavalanche.com\/#organization"},"potentialAction":[{"@type":"SearchAction","target":{"@type":"EntryPoint","urlTemplate":"https:\/\/www.wyssenavalanche.com\/?s={search_term_string}"},"query-input":{"@type":"PropertyValueSpecification","valueRequired":true,"valueName":"search_term_string"}}],"inLanguage":"fr-FR"},{"@type":"Organization","@id":"https:\/\/www.wyssenavalanche.com\/#organization","name":"Wyssen Avalanche Control AG","url":"https:\/\/www.wyssenavalanche.com\/","logo":{"@type":"ImageObject","inLanguage":"fr-FR","@id":"https:\/\/www.wyssenavalanche.com\/#\/schema\/logo\/image\/","url":"https:\/\/www.wyssenavalanche.com\/wp-content\/uploads\/2021\/09\/cropped-wyssen_logo_header-1.png","contentUrl":"https:\/\/www.wyssenavalanche.com\/wp-content\/uploads\/2021\/09\/cropped-wyssen_logo_header-1.png","width":200,"height":31,"caption":"Wyssen Avalanche Control AG"},"image":{"@id":"https:\/\/www.wyssenavalanche.com\/#\/schema\/logo\/image\/"},"sameAs":["https:\/\/www.facebook.com\/wyssenavalanche\/"]},{"@type":"Person","@id":"https:\/\/www.wyssenavalanche.com\/#\/schema\/person\/39d5e3c3bb8a18d46b035afc2de6886e","name":"Nicole Schmid","image":{"@type":"ImageObject","inLanguage":"fr-FR","@id":"https:\/\/secure.gravatar.com\/avatar\/18b0862fd949ab4e8c6bdd1447bc885b83696a8e9f22e8f0e00018ca7cec2302?s=96&d=mm&r=g","url":"https:\/\/secure.gravatar.com\/avatar\/18b0862fd949ab4e8c6bdd1447bc885b83696a8e9f22e8f0e00018ca7cec2302?s=96&d=mm&r=g","contentUrl":"https:\/\/secure.gravatar.com\/avatar\/18b0862fd949ab4e8c6bdd1447bc885b83696a8e9f22e8f0e00018ca7cec2302?s=96&d=mm&r=g","caption":"Nicole Schmid"},"url":"https:\/\/www.wyssenavalanche.com\/fr\/author\/nicole-schmid\/"}]}},"_links":{"self":[{"href":"https:\/\/www.wyssenavalanche.com\/fr\/wp-json\/wp\/v2\/posts\/33377","targetHints":{"allow":["GET"]}}],"collection":[{"href":"https:\/\/www.wyssenavalanche.com\/fr\/wp-json\/wp\/v2\/posts"}],"about":[{"href":"https:\/\/www.wyssenavalanche.com\/fr\/wp-json\/wp\/v2\/types\/post"}],"author":[{"embeddable":true,"href":"https:\/\/www.wyssenavalanche.com\/fr\/wp-json\/wp\/v2\/users\/10"}],"replies":[{"embeddable":true,"href":"https:\/\/www.wyssenavalanche.com\/fr\/wp-json\/wp\/v2\/comments?post=33377"}],"version-history":[{"count":17,"href":"https:\/\/www.wyssenavalanche.com\/fr\/wp-json\/wp\/v2\/posts\/33377\/revisions"}],"predecessor-version":[{"id":39709,"href":"https:\/\/www.wyssenavalanche.com\/fr\/wp-json\/wp\/v2\/posts\/33377\/revisions\/39709"}],"wp:featuredmedia":[{"embeddable":true,"href":"https:\/\/www.wyssenavalanche.com\/fr\/wp-json\/wp\/v2\/media\/33427"}],"wp:attachment":[{"href":"https:\/\/www.wyssenavalanche.com\/fr\/wp-json\/wp\/v2\/media?parent=33377"}],"wp:term":[{"taxonomy":"category","embeddable":true,"href":"https:\/\/www.wyssenavalanche.com\/fr\/wp-json\/wp\/v2\/categories?post=33377"},{"taxonomy":"post_tag","embeddable":true,"href":"https:\/\/www.wyssenavalanche.com\/fr\/wp-json\/wp\/v2\/tags?post=33377"}],"curies":[{"name":"wp","href":"https:\/\/api.w.org\/{rel}","templated":true}]}}